[{"@context":"https:\/\/schema.org\/","@type":"Article","@id":"https:\/\/www.opengl.cz\/historicke-objekty-v-cesku-svazane-s-adolfem-hitlerem\/#Article","mainEntityOfPage":"https:\/\/www.opengl.cz\/historicke-objekty-v-cesku-svazane-s-adolfem-hitlerem\/","headline":"Historick\u00e9 objekty v \u010cesku sv\u00e1zan\u00e9 s Adolfem Hitlerem","name":"Historick\u00e9 objekty v \u010cesku sv\u00e1zan\u00e9 s Adolfem Hitlerem","description":"Vydejte se s&nbsp;n\u00e1mi ke dv\u011bma \u00fachvatn\u00fdm technick\u00fdm stavb\u00e1m, kter\u00e9 maj\u00ed spojitost s&nbsp;Adolfem Hitlerem. Oba objekty tu stoj\u00ed dodnes, i kdy\u017e byl jejich neblah\u00fd osud t\u00e9m\u011b\u0159 zpe\u010det\u011bn. Opevn\u011bn\u00ed na Kr\u00e1lick\u00e9m Sn\u011b\u017en\u00edku Hitler a jeho kump\u00e1ni nebyli hloup\u00ed, dom\u00fd\u0161leli (bohu\u017eel) ve\u0161ker\u00e9 d\u011bn\u00ed ve sv\u011bt\u011b do d\u016fsledk\u016f a nenechali se ut\u00e1hnout na va\u0159en\u00e9<!--hoot-read-more-quicktag-->","datePublished":"2020-09-19","dateModified":"2023-05-09","author":{"@type":"Person","@id":"https:\/\/www.opengl.cz\/author\/#Person","name":"","url":"https:\/\/www.opengl.cz\/author\/","identifier":1,"image":{"@type":"ImageObject","@id":"https:\/\/secure.gravatar.com\/avatar\/f2ab007ed309e3d84abcf4139c5580b2bc94c721f9294eeb027f25de56e0a35e?s=96&d=mm&r=g","url":"https:\/\/secure.gravatar.com\/avatar\/f2ab007ed309e3d84abcf4139c5580b2bc94c721f9294eeb027f25de56e0a35e?s=96&d=mm&r=g","height":96,"width":96}},"publisher":{"@type":"Organization","name":"opengl.cz","logo":{"@type":"ImageObject","@id":"\/logo.png","url":"\/logo.png","width":600,"height":60}},"image":{"@type":"ImageObject","@id":"https:\/\/www.opengl.cz\/wp-content\/uploads\/img_a341152_w2742_t1553936113.jpg","url":"https:\/\/www.opengl.cz\/wp-content\/uploads\/img_a341152_w2742_t1553936113.jpg","height":0,"width":0},"url":"https:\/\/www.opengl.cz\/historicke-objekty-v-cesku-svazane-s-adolfem-hitlerem\/","about":["Dovolen\u00e1"],"wordCount":408,"articleBody":"\tVydejte se s&nbsp;n\u00e1mi ke dv\u011bma \u00fachvatn\u00fdm technick\u00fdm stavb\u00e1m, kter\u00e9 maj\u00ed spojitost s&nbsp;Adolfem Hitlerem. Oba objekty tu stoj\u00ed dodnes, i kdy\u017e byl jejich neblah\u00fd osud t\u00e9m\u011b\u0159 zpe\u010det\u011bn.\t\tOpevn\u011bn\u00ed na Kr\u00e1lick\u00e9m Sn\u011b\u017en\u00edku\tHitler a jeho kump\u00e1ni nebyli hloup\u00ed, dom\u00fd\u0161leli (bohu\u017eel) ve\u0161ker\u00e9 d\u011bn\u00ed ve sv\u011bt\u011b do d\u016fsledk\u016f a nenechali se ut\u00e1hnout na va\u0159en\u00e9 nudli a vl\u00e1kat do pasti. N\u011bkte\u0159\u00ed odborn\u00edci tvrd\u00ed, \u017ee neb\u00fdt p\u0159ehnan\u00e9 v\u00e1\u0161n\u011b a p\u0159\u00edli\u0161 velk\u00e9ho sousta v&nbsp;rozpoutan\u00e9 v\u0159av\u011b, mohl dnes sv\u011bt vypadat \u00fapln\u011b jinak, pod taktovkou h\u00e1kov\u00e9ho k\u0159\u00ed\u017ee. Hitler si vyl\u00e1mal zuby p\u0159edev\u0161\u00edm na britsk\u00e9 ne\u00fastupnosti a semknutosti v leteck\u00e9 bitv\u011b o Brit\u00e1nii a rusk\u00e9 ob\u011btavosti zastavit nep\u0159\u00edtele i za cenu obrovsk\u00fdch ob\u011bt\u00ed. Kde si v\u0161ak zuby nevyl\u00e1mal, bylo \u010ceskoslovensko a Francie. Ob\u011b zem\u011b m\u011bly vybudovanou soustavu opevn\u011bn\u00ed, kter\u00e1 v\u0161ak fa\u0161ist\u00e9 elegantn\u011b obe\u0161li bu\u010f politick\u00fdm man\u00e9vrem, nebo pr\u016fnikem na \u00fazem\u00ed odjinud. U n\u00e1s je jednou z&nbsp;nejzaj\u00edmav\u011bj\u0161\u00edch dochovan\u00fdch staveb tohoto typu d\u011blost\u0159eleck\u00fd srub U cihelny, H\u016frka nebo Bouda nedaleko Kr\u00e1lick\u00e9ho Sn\u011b\u017en\u00edku. Spat\u0159\u00edte tu dochovan\u00e9 obrann\u00e9 syst\u00e9my, nad nimi\u017e se doslova taj\u00ed dech.\t\tPet\u0159\u00ednsk\u00e1 rozhledna\tSe svou v\u00fd\u0161kou 65 metr\u016f hlavn\u00edmu m\u011bstu v\u00fdrazn\u011b dominuje, konkuruje j\u00ed pouze \u017ei\u017ekovsk\u00fd vys\u00edla\u010d. Ozdobou Prahy je ji\u017e t\u00e9m\u011b\u0159 sto t\u0159icet let a sv\u00fdm vzhledem tak trochu p\u0159ipom\u00edn\u00e1 pa\u0159\u00ed\u017eskou Eiffelovku. To nen\u00ed samoz\u0159ejm\u011b n\u00e1hoda, s&nbsp;jej\u00ed v\u00fdstavbou toti\u017e zapo\u010dal Klub \u010desk\u00fdch turist\u016f pot\u00e9, co se jeho deleg\u00e1ti vr\u00e1tili ze sv\u011btov\u00e9 v\u00fdstavy po\u0159\u00e1dan\u00e9 pr\u00e1v\u011b ve Francii. Byli rozhodnuti vystav\u011bt men\u0161\u00ed kopii slavn\u00e9 pa\u0159\u00ed\u017esk\u00e9 v\u011b\u017ee z&nbsp;ocelov\u00fdch nosn\u00edk\u016f i v&nbsp;Praze.\tV&nbsp;roce 1891 byla rozhledna slavnostn\u011b otev\u0159ena, stavebn\u00ed pr\u00e1ce trvaly pouh\u00e9 dva m\u011bs\u00edce a zaj\u00edmav\u00e9 je, \u017ee zmi\u0148ovan\u00fd Adolf Hitler usiloval o jej\u00ed likvidaci. Nakonec to byl on, kdo zmizel ze sv\u011bta, rozhledna jej p\u0159e\u017eila, a tak m\u016f\u017eete obdivovat z&nbsp;v\u00fd\u0161ky nejen Prahu jako na dlani, ale i \u0158\u00edp, h\u0159ebeny Krkono\u0161 a \u010cesk\u00e9 st\u0159edoho\u0159\u00ed.\t&nbsp;                                                                                                                                                                                                                                                                                                                                                                                                "},{"@context":"https:\/\/schema.org\/","@type":"BreadcrumbList","itemListElement":[{"@type":"ListItem","position":1,"name":"Historick\u00e9 objekty v \u010cesku sv\u00e1zan\u00e9 s Adolfem Hitlerem","item":"https:\/\/www.opengl.cz\/historicke-objekty-v-cesku-svazane-s-adolfem-hitlerem\/#breadcrumbitem"}]}]