[{"@context":"https:\/\/schema.org\/","@type":"Article","@id":"https:\/\/www.opengl.cz\/ktery-termin-je-pro-stehovani-idealni\/#Article","mainEntityOfPage":"https:\/\/www.opengl.cz\/ktery-termin-je-pro-stehovani-idealni\/","headline":"Kter\u00fd term\u00edn je pro st\u011bhov\u00e1n\u00ed ide\u00e1ln\u00ed","name":"Kter\u00fd term\u00edn je pro st\u011bhov\u00e1n\u00ed ide\u00e1ln\u00ed","description":"Pl\u00e1nujete st\u011bhov\u00e1n\u00ed a \u0159e\u0161\u00edte, kter\u00fd den v t\u00fddnu, a s jak velk\u00fdm p\u0159edstihem za\u010d\u00edt s p\u0159\u00edpravn\u00fdmi pracemi? P\u011bt a\u017e \u0161est t\u00fddn\u016f p\u0159edstih je akor\u00e1t \u2013 pt\u00e1te se, s jak\u00fdm p\u0159edstihem po\u017e\u00e1dat st\u011bhovac\u00ed firmu o vhodn\u00fd term\u00edn? Pak si bu\u010fte jisti, \u017ee ide\u00e1ln\u00ed je pr\u00e1v\u011b tento. M\u011bs\u00edc a p\u016fl je dostate\u010dn\u011b<!--hoot-read-more-quicktag-->","datePublished":"2022-03-31","dateModified":"2022-03-31","author":{"@type":"Person","@id":"https:\/\/www.opengl.cz\/author\/#Person","name":"","url":"https:\/\/www.opengl.cz\/author\/","identifier":1,"image":{"@type":"ImageObject","@id":"https:\/\/secure.gravatar.com\/avatar\/f2ab007ed309e3d84abcf4139c5580b2bc94c721f9294eeb027f25de56e0a35e?s=96&d=mm&r=g","url":"https:\/\/secure.gravatar.com\/avatar\/f2ab007ed309e3d84abcf4139c5580b2bc94c721f9294eeb027f25de56e0a35e?s=96&d=mm&r=g","height":96,"width":96}},"publisher":{"@type":"Organization","name":"opengl.cz","logo":{"@type":"ImageObject","@id":"\/logo.png","url":"\/logo.png","width":600,"height":60}},"image":{"@type":"ImageObject","@id":"https:\/\/www.opengl.cz\/wp-content\/uploads\/city-1979892_640.jpg","url":"https:\/\/www.opengl.cz\/wp-content\/uploads\/city-1979892_640.jpg","height":0,"width":0},"url":"https:\/\/www.opengl.cz\/ktery-termin-je-pro-stehovani-idealni\/","about":["Podnik\u00e1n\u00ed"],"wordCount":459,"articleBody":"      Pl\u00e1nujete st\u011bhov\u00e1n\u00ed a \u0159e\u0161\u00edte, kter\u00fd den v t\u00fddnu, a s jak velk\u00fdm p\u0159edstihem za\u010d\u00edt s p\u0159\u00edpravn\u00fdmi pracemi?P\u011bt a\u017e \u0161est t\u00fddn\u016f p\u0159edstih je akor\u00e1t \u2013 pt\u00e1te se, s jak\u00fdm p\u0159edstihem po\u017e\u00e1dat st\u011bhovac\u00ed firmu o vhodn\u00fd term\u00edn? Pak si bu\u010fte jisti, \u017ee ide\u00e1ln\u00ed je pr\u00e1v\u011b tento. M\u011bs\u00edc a p\u016fl je dostate\u010dn\u011b dlouh\u00e1 doba na to, aby si st\u011bhovac\u00ed firma v klidu v\u00e1\u0161 po\u017eadavek zaznamenala, pravd\u011bpodobn\u011b bude v ten den m\u00edt volno, ale po\u010d\u00edtejte s t\u00edm, \u017ee nejv\u00edce lid\u00ed m\u00e1 z\u00e1jem p\u0159est\u011bhovat se o v\u00edkendu, a \u017ee v\u00edkendy mohou b\u00fdt ji\u017e zamluven\u00e9. \u0160est t\u00fddn\u016f dop\u0159edu je v\u0161ak obvykle dosta\u010duj\u00edc\u00ed pro rezervaci st\u011bhov\u00e1n\u00ed byt\u016f v Praze odnesto.cz o v\u0161edn\u00ed dny.A kter\u00fd den je to nejlep\u0161\u00ed? V\u00edkendy nejsou v\u00fdhodn\u00e9 z n\u011bkolika d\u016fvod\u016f. Jednak m\u00e1 v\u011bt\u0161ina lid\u00ed volno a mohou se v\u00e1m pl\u00e9st do cesty, bude na ulici sp\u00ed\u0161e zmatek, n\u011bkdo v\u00e1s m\u016f\u017ee i obt\u011b\u017eovat, zkr\u00e1tka nebude to o klidu, ale sp\u00ed\u0161e o stresu. V p\u00e1tek ve\u010der a v ned\u011bli odpoledne vzr\u016fst\u00e1 silni\u010dn\u00ed provoz a tehdy je lep\u0161\u00ed rad\u011bji z\u016fstat doma. V\u00fdhodn\u00e9 je st\u011bhov\u00e1n\u00ed nap\u0159\u00edklad ve st\u0159edu \u010di ve \u010dtvrtek, provoz je men\u0161\u00ed, lid\u00e9 se t\u011b\u0161\u00ed na v\u00edkend a je tak\u00e9 v\u011bt\u0161\u00ed pravd\u011bpodobnost, \u017ee budou m\u00edt lep\u0161\u00ed n\u00e1ladu. A jestli\u017ee si vezmete volno \u010dtvrtek \u2013 p\u00e1tek, m\u00e1te \u010dty\u0159i dny na p\u0159est\u011bhov\u00e1n\u00ed a z\u00e1kladn\u00ed zabydlen\u00ed, a u\u017e jen toto v\u011bdom\u00ed v\u00e1m zvedne n\u00e1ladu.A co ro\u010dn\u00ed obdob\u00ed \u2013 \u017e\u00e1dn\u00fd extr\u00e9m nen\u00ed dobr\u00fd, a \u010d\u00edm v\u00edce se p\u0159ibl\u00ed\u017e\u00edte optim\u00e1ln\u00edmu st\u0159edu, t\u00edm l\u00e9pe. Tentokr\u00e1t m\u00e1me na mysli denn\u00ed teploty, a ty jsou ide\u00e1ln\u00ed zejm\u00e9na na ja\u0159e a na podzim, tedy hlavn\u011b v kv\u011btnu, v prvn\u00ed polovin\u011b \u010dervna, na konci srpna, v z\u00e1\u0159\u00ed a v prvn\u00ed polovin\u011b \u0159\u00edjna. Tehdy je denn\u00ed teplota kolem dvac\u00edtky, tedy naprosto perfektn\u00ed podm\u00ednky \u2013 ani horko, ani zima, nemus\u00edte se po\u0159\u00e1d svl\u00e9kat a obl\u00e9kat, p\u0159ezouvat do zimn\u00edch bot anebo se neust\u00e1le chladit v letn\u00edm vedru ve spr\u0161e. Samoz\u0159ejm\u011b, \u017ee pokud si nem\u016f\u017eete term\u00edn vyb\u00edrat vy, mus\u00edte se p\u0159izp\u016fsobit, ov\u0161em m\u00e1te-li tu mo\u017enost, rad\u011bji se st\u011bhov\u00e1n\u00ed v \u010dervenci, srpnu, prosinci, lednu a \u00fanoru vyh\u00fdbejte.                                                                                                                                                                                                                                                                                                                                                                                                  "},{"@context":"https:\/\/schema.org\/","@type":"BreadcrumbList","itemListElement":[{"@type":"ListItem","position":1,"name":"Kter\u00fd term\u00edn je pro st\u011bhov\u00e1n\u00ed ide\u00e1ln\u00ed","item":"https:\/\/www.opengl.cz\/ktery-termin-je-pro-stehovani-idealni\/#breadcrumbitem"}]}]